{"id":652,"date":"2025-05-12T00:48:10","date_gmt":"2025-05-11T22:48:10","guid":{"rendered":"http:\/\/kunstpoint.com\/?p=652"},"modified":"2025-05-12T00:48:10","modified_gmt":"2025-05-11T22:48:10","slug":"bundespraesident-wuerdigt-meine-kunst-noen-berichtet","status":"publish","type":"post","link":"http:\/\/kunstpoint.com\/?p=652","title":{"rendered":"Bundespr\u00e4sident w\u00fcrdigt meine Kunst: N\u00d6N berichtet"},"content":{"rendered":"\n<figure class=\"wp-block-image size-large\"><img loading=\"lazy\" decoding=\"async\" width=\"843\" height=\"1024\" src=\"http:\/\/kunstpoint.com\/wp-content\/uploads\/2025\/05\/NOeN-brief-bundespraesident-843x1024.jpg\" alt=\"\" class=\"wp-image-636\" srcset=\"http:\/\/kunstpoint.com\/wp-content\/uploads\/2025\/05\/NOeN-brief-bundespraesident-843x1024.jpg 843w, http:\/\/kunstpoint.com\/wp-content\/uploads\/2025\/05\/NOeN-brief-bundespraesident-247x300.jpg 247w, http:\/\/kunstpoint.com\/wp-content\/uploads\/2025\/05\/NOeN-brief-bundespraesident-768x933.jpg 768w, http:\/\/kunstpoint.com\/wp-content\/uploads\/2025\/05\/NOeN-brief-bundespraesident.jpg 978w\" sizes=\"auto, (max-width: 843px) 100vw, 843px\" \/><\/figure>\n","protected":false},"excerpt":{"rendered":"","protected":false},"author":1,"featured_media":0,"comment_status":"closed","ping_status":"closed","sticky":false,"template":"","format":"image","meta":{"footnotes":""},"categories":[],"tags":[27],"class_list":["post-652","post","type-post","status-publish","format-image","hentry","tag-bundespraesident-kunst-nationalsozialismus-buebl","post_format-post-format-image"],"_links":{"self":[{"href":"http:\/\/kunstpoint.com\/index.php?rest_route=\/wp\/v2\/posts\/652","targetHints":{"allow":["GET"]}}],"collection":[{"href":"http:\/\/kunstpoint.com\/index.php?rest_route=\/wp\/v2\/posts"}],"about":[{"href":"http:\/\/kunstpoint.com\/index.php?rest_route=\/wp\/v2\/types\/post"}],"author":[{"embeddable":true,"href":"http:\/\/kunstpoint.com\/index.php?rest_route=\/wp\/v2\/users\/1"}],"replies":[{"embeddable":true,"href":"http:\/\/kunstpoint.com\/index.php?rest_route=%2Fwp%2Fv2%2Fcomments&post=652"}],"version-history":[{"count":1,"href":"http:\/\/kunstpoint.com\/index.php?rest_route=\/wp\/v2\/posts\/652\/revisions"}],"predecessor-version":[{"id":653,"href":"http:\/\/kunstpoint.com\/index.php?rest_route=\/wp\/v2\/posts\/652\/revisions\/653"}],"wp:attachment":[{"href":"http:\/\/kunstpoint.com\/index.php?rest_route=%2Fwp%2Fv2%2Fmedia&parent=652"}],"wp:term":[{"taxonomy":"category","embeddable":true,"href":"http:\/\/kunstpoint.com\/index.php?rest_route=%2Fwp%2Fv2%2Fcategories&post=652"},{"taxonomy":"post_tag","embeddable":true,"href":"http:\/\/kunstpoint.com\/index.php?rest_route=%2Fwp%2Fv2%2Ftags&post=652"}],"curies":[{"name":"wp","href":"https:\/\/api.w.org\/{rel}","templated":true}]}}